{"id":16536,"date":"2024-02-29T15:10:42","date_gmt":"2024-02-29T14:10:42","guid":{"rendered":"https:\/\/fotoforma.pl/blog\/?p=16536"},"modified":"2024-03-05T20:37:29","modified_gmt":"2024-03-05T19:37:29","slug":"tamron-28-75-mm-f-2-8-g2-test-czwy-warto","status":"publish","type":"post","link":"https:\/\/fotoforma.pl/blog\/tamron-28-75-mm-f-2-8-g2-test-czwy-warto\/","title":{"rendered":"Tamron 28-75 mm f\/2.8 G2 &#8211; czy druga wersja daje rad\u0119? Recenzja"},"content":{"rendered":"","protected":false},"excerpt":{"rendered":"","protected":false},"author":7,"featured_media":0,"comment_status":"open","ping_status":"open","sticky":false,"template":"","format":"standard","meta":{"_acf_changed":false,"footnotes":""},"categories":[124,3],"tags":[],"class_list":["post-16536","post","type-post","status-publish","format-standard","hentry","category-obiektywy","category-testy"],"acf":[],"yoast_head":"<!-- This site is optimized with the Yoast SEO plugin v26.8 - https:\/\/yoast.com\/product\/yoast-seo-wordpress\/ -->\n<title>Tamron 28-75 mm F\/2.8 G2 - test. Czy druga wersja daje rad\u0119?<\/title>\n<meta name=\"description\" content=\"Tamron 28-75 mm F\/2.8 szybko sta\u0142 si\u0119 legend\u0105 \u2014 uniwersalny, lekki, kompaktowy, szybki i dobrze wyceniony \u2014 wi\u0119c czemu si\u0119 tu dziwi\u0107. Ale te\u017c pytanie co wnosi jego druga wersja? Czy to zb\u0119dna inwestycja, czy raczej godny nast\u0119pca kapitalnego szk\u0142a, kt\u00f3ry nadrabia niedoci\u0105gni\u0119cia poprzednika? Przekonajmy si\u0119!\" \/>\n<meta name=\"robots\" content=\"index, follow, max-snippet:-1, max-image-preview:large, max-video-preview:-1\" \/>\n<link rel=\"canonical\" href=\"https:\/\/fotoforma.pl/blog\/tamron-28-75-mm-f-2-8-g2-test-czwy-warto\/\" \/>\n<meta name=\"twitter:card\" content=\"summary_large_image\" \/>\n<meta name=\"twitter:title\" content=\"Tamron 28-75 mm F\/2.8 G2 - test. Czy druga wersja daje rad\u0119?\" \/>\n<meta name=\"twitter:description\" content=\"Tamron 28-75 mm F\/2.8 szybko sta\u0142 si\u0119 legend\u0105 \u2014 uniwersalny, lekki, kompaktowy, szybki i dobrze wyceniony \u2014 wi\u0119c czemu si\u0119 tu dziwi\u0107. Ale te\u017c pytanie co wnosi jego druga wersja? Czy to zb\u0119dna inwestycja, czy raczej godny nast\u0119pca kapitalnego szk\u0142a, kt\u00f3ry nadrabia niedoci\u0105gni\u0119cia poprzednika? Przekonajmy si\u0119!\" \/>\n<meta name=\"twitter:label1\" content=\"Napisane przez\" \/>\n\t<meta name=\"twitter:data1\" content=\"Jacek Sopotnicki\" \/>\n<script type=\"application\/ld+json\" class=\"yoast-schema-graph\">{\"@context\":\"https:\/\/schema.org\",\"@graph\":[{\"@type\":\"Article\",\"@id\":\"https:\/\/fotoforma.pl/blog\/tamron-28-75-mm-f-2-8-g2-test-czwy-warto\/#article\",\"isPartOf\":{\"@id\":\"https:\/\/fotoforma.pl/blog\/tamron-28-75-mm-f-2-8-g2-test-czwy-warto\/\"},\"author\":{\"name\":\"Jacek Sopotnicki\",\"@id\":\"https:\/\/fotoforma.pl/blog\/#\/schema\/person\/336b43917b67007535354d05b10bd6ae\"},\"headline\":\"Tamron 28-75 mm f\/2.8 G2 &#8211; czy druga wersja daje rad\u0119? Recenzja\",\"datePublished\":\"2024-02-29T14:10:42+00:00\",\"dateModified\":\"2024-03-05T19:37:29+00:00\",\"mainEntityOfPage\":{\"@id\":\"https:\/\/fotoforma.pl/blog\/tamron-28-75-mm-f-2-8-g2-test-czwy-warto\/\"},\"wordCount\":12,\"commentCount\":0,\"articleSection\":[\"Obiektywy\",\"Testy\"],\"inLanguage\":\"pl-PL\",\"potentialAction\":[{\"@type\":\"CommentAction\",\"name\":\"Comment\",\"target\":[\"https:\/\/fotoforma.pl/blog\/tamron-28-75-mm-f-2-8-g2-test-czwy-warto\/#respond\"]}]},{\"@type\":\"WebPage\",\"@id\":\"https:\/\/fotoforma.pl/blog\/tamron-28-75-mm-f-2-8-g2-test-czwy-warto\/\",\"url\":\"https:\/\/fotoforma.pl/blog\/tamron-28-75-mm-f-2-8-g2-test-czwy-warto\/\",\"name\":\"Tamron 28-75 mm F\/2.8 G2 - test. Czy druga wersja daje rad\u0119?\",\"isPartOf\":{\"@id\":\"https:\/\/fotoforma.pl/blog\/#website\"},\"datePublished\":\"2024-02-29T14:10:42+00:00\",\"dateModified\":\"2024-03-05T19:37:29+00:00\",\"author\":{\"@id\":\"https:\/\/fotoforma.pl/blog\/#\/schema\/person\/336b43917b67007535354d05b10bd6ae\"},\"description\":\"Tamron 28-75 mm F\/2.8 szybko sta\u0142 si\u0119 legend\u0105 \u2014 uniwersalny, lekki, kompaktowy, szybki i dobrze wyceniony \u2014 wi\u0119c czemu si\u0119 tu dziwi\u0107. Ale te\u017c pytanie co wnosi jego druga wersja? Czy to zb\u0119dna inwestycja, czy raczej godny nast\u0119pca kapitalnego szk\u0142a, kt\u00f3ry nadrabia niedoci\u0105gni\u0119cia poprzednika? Przekonajmy si\u0119!\",\"breadcrumb\":{\"@id\":\"https:\/\/fotoforma.pl/blog\/tamron-28-75-mm-f-2-8-g2-test-czwy-warto\/#breadcrumb\"},\"inLanguage\":\"pl-PL\",\"potentialAction\":[{\"@type\":\"ReadAction\",\"target\":[\"https:\/\/fotoforma.pl/blog\/tamron-28-75-mm-f-2-8-g2-test-czwy-warto\/\"]}]},{\"@type\":\"BreadcrumbList\",\"@id\":\"https:\/\/fotoforma.pl/blog\/tamron-28-75-mm-f-2-8-g2-test-czwy-warto\/#breadcrumb\",\"itemListElement\":[{\"@type\":\"ListItem\",\"position\":1,\"name\":\"Strona g\u0142\u00f3wna\",\"item\":\"https:\/\/fotoforma.pl/blog\/\"},{\"@type\":\"ListItem\",\"position\":2,\"name\":\"Tamron 28-75 mm f\/2.8 G2 &#8211; czy druga wersja daje rad\u0119? Recenzja\"}]},{\"@type\":\"WebSite\",\"@id\":\"https:\/\/fotoforma.pl/blog\/#website\",\"url\":\"https:\/\/fotoforma.pl/blog\/\",\"name\":\"Po prostu fotografuj - serwis dla tw\u00f3rc\u00f3w foto i wideo nap\u0119dzany przez fotoforma.pl\",\"description\":\"Fotografia to nasza pasja! fotoforma.pl/blog to serwis dla wszystkich os\u00f3b, kt\u00f3rych zajawk\u0105 jest fotografia i filmowanie.\",\"potentialAction\":[{\"@type\":\"SearchAction\",\"target\":{\"@type\":\"EntryPoint\",\"urlTemplate\":\"https:\/\/fotoforma.pl/blog\/?s={search_term_string}\"},\"query-input\":{\"@type\":\"PropertyValueSpecification\",\"valueRequired\":true,\"valueName\":\"search_term_string\"}}],\"inLanguage\":\"pl-PL\"},{\"@type\":\"Person\",\"@id\":\"https:\/\/fotoforma.pl/blog\/#\/schema\/person\/336b43917b67007535354d05b10bd6ae\",\"name\":\"Jacek Sopotnicki\",\"image\":{\"@type\":\"ImageObject\",\"inLanguage\":\"pl-PL\",\"@id\":\"https:\/\/fotoforma.pl/blog\/#\/schema\/person\/image\/\",\"url\":\"https:\/\/fotoforma.pl/blog\/wp-content\/uploads\/2020\/08\/Jacek-Sopotnicki-150x150.jpg\",\"contentUrl\":\"https:\/\/fotoforma.pl/blog\/wp-content\/uploads\/2020\/08\/Jacek-Sopotnicki-150x150.jpg\",\"caption\":\"Jacek Sopotnicki\"},\"description\":\"Fotograf, filmowiec, vloger. Absolwent PWSFTViT wydz. operatorski kier. fotografia. Specjalizuje si\u0119 w fotografii podr\u00f3\u017cniczej, zdj\u0119ciach przemys\u0142u, oraz fotografii stockowej. Oczywi\u015bcie robi te\u017c sesje \u015blubne, w co zawsze wk\u0142ada sporo serca. Wykonywa\u0142 zdj\u0119cia dla grupy MAN Ferrostaal, CRH Klinkier, Grupy Kaefer, Sika Group AG oraz wielu innych firm. Publikowa\u0142 swoje prace w magazynach takich jak 'Auto \u015awiat', 'WRC', 'Echo'. Jest r\u00f3wnie\u017c aktywny jako artysta i autor cykli fotograficznych 'Street', 'Stacja ko\u0144cowa', 'Cz\u0142owiek w uniformie', zorganizowa\u0142 wystawy indywidualne, oraz bra\u0142 udzia\u0142 w wielu wystawach zbiorowych.\",\"sameAs\":[\"http:\/\/sopotnicki.com\",\"https:\/\/www.facebook.com\/sopotnicki\",\"https:\/\/www.instagram.com\/sopotnickiphotography\/\",\"https:\/\/www.youtube.com\/user\/sopotniccy\"],\"url\":\"https:\/\/fotoforma.pl/blog\/author\/redaktor-5\/\"}]}<\/script>\n<!-- \/ Yoast SEO plugin. -->","yoast_head_json":{"title":"Tamron 28-75 mm F\/2.8 G2 - test. Czy druga wersja daje rad\u0119?","description":"Tamron 28-75 mm F\/2.8 szybko sta\u0142 si\u0119 legend\u0105 \u2014 uniwersalny, lekki, kompaktowy, szybki i dobrze wyceniony \u2014 wi\u0119c czemu si\u0119 tu dziwi\u0107. Ale te\u017c pytanie co wnosi jego druga wersja? Czy to zb\u0119dna inwestycja, czy raczej godny nast\u0119pca kapitalnego szk\u0142a, kt\u00f3ry nadrabia niedoci\u0105gni\u0119cia poprzednika? Przekonajmy si\u0119!","robots":{"index":"index","follow":"follow","max-snippet":"max-snippet:-1","max-image-preview":"max-image-preview:large","max-video-preview":"max-video-preview:-1"},"canonical":"https:\/\/fotoforma.pl/blog\/tamron-28-75-mm-f-2-8-g2-test-czwy-warto\/","twitter_card":"summary_large_image","twitter_title":"Tamron 28-75 mm F\/2.8 G2 - test. Czy druga wersja daje rad\u0119?","twitter_description":"Tamron 28-75 mm F\/2.8 szybko sta\u0142 si\u0119 legend\u0105 \u2014 uniwersalny, lekki, kompaktowy, szybki i dobrze wyceniony \u2014 wi\u0119c czemu si\u0119 tu dziwi\u0107. Ale te\u017c pytanie co wnosi jego druga wersja? Czy to zb\u0119dna inwestycja, czy raczej godny nast\u0119pca kapitalnego szk\u0142a, kt\u00f3ry nadrabia niedoci\u0105gni\u0119cia poprzednika? Przekonajmy si\u0119!","twitter_misc":{"Napisane przez":"Jacek Sopotnicki"},"schema":{"@context":"https:\/\/schema.org","@graph":[{"@type":"Article","@id":"https:\/\/fotoforma.pl/blog\/tamron-28-75-mm-f-2-8-g2-test-czwy-warto\/#article","isPartOf":{"@id":"https:\/\/fotoforma.pl/blog\/tamron-28-75-mm-f-2-8-g2-test-czwy-warto\/"},"author":{"name":"Jacek Sopotnicki","@id":"https:\/\/fotoforma.pl/blog\/#\/schema\/person\/336b43917b67007535354d05b10bd6ae"},"headline":"Tamron 28-75 mm f\/2.8 G2 &#8211; czy druga wersja daje rad\u0119? Recenzja","datePublished":"2024-02-29T14:10:42+00:00","dateModified":"2024-03-05T19:37:29+00:00","mainEntityOfPage":{"@id":"https:\/\/fotoforma.pl/blog\/tamron-28-75-mm-f-2-8-g2-test-czwy-warto\/"},"wordCount":12,"commentCount":0,"articleSection":["Obiektywy","Testy"],"inLanguage":"pl-PL","potentialAction":[{"@type":"CommentAction","name":"Comment","target":["https:\/\/fotoforma.pl/blog\/tamron-28-75-mm-f-2-8-g2-test-czwy-warto\/#respond"]}]},{"@type":"WebPage","@id":"https:\/\/fotoforma.pl/blog\/tamron-28-75-mm-f-2-8-g2-test-czwy-warto\/","url":"https:\/\/fotoforma.pl/blog\/tamron-28-75-mm-f-2-8-g2-test-czwy-warto\/","name":"Tamron 28-75 mm F\/2.8 G2 - test. Czy druga wersja daje rad\u0119?","isPartOf":{"@id":"https:\/\/fotoforma.pl/blog\/#website"},"datePublished":"2024-02-29T14:10:42+00:00","dateModified":"2024-03-05T19:37:29+00:00","author":{"@id":"https:\/\/fotoforma.pl/blog\/#\/schema\/person\/336b43917b67007535354d05b10bd6ae"},"description":"Tamron 28-75 mm F\/2.8 szybko sta\u0142 si\u0119 legend\u0105 \u2014 uniwersalny, lekki, kompaktowy, szybki i dobrze wyceniony \u2014 wi\u0119c czemu si\u0119 tu dziwi\u0107. Ale te\u017c pytanie co wnosi jego druga wersja? Czy to zb\u0119dna inwestycja, czy raczej godny nast\u0119pca kapitalnego szk\u0142a, kt\u00f3ry nadrabia niedoci\u0105gni\u0119cia poprzednika? Przekonajmy si\u0119!","breadcrumb":{"@id":"https:\/\/fotoforma.pl/blog\/tamron-28-75-mm-f-2-8-g2-test-czwy-warto\/#breadcrumb"},"inLanguage":"pl-PL","potentialAction":[{"@type":"ReadAction","target":["https:\/\/fotoforma.pl/blog\/tamron-28-75-mm-f-2-8-g2-test-czwy-warto\/"]}]},{"@type":"BreadcrumbList","@id":"https:\/\/fotoforma.pl/blog\/tamron-28-75-mm-f-2-8-g2-test-czwy-warto\/#breadcrumb","itemListElement":[{"@type":"ListItem","position":1,"name":"Strona g\u0142\u00f3wna","item":"https:\/\/fotoforma.pl/blog\/"},{"@type":"ListItem","position":2,"name":"Tamron 28-75 mm f\/2.8 G2 &#8211; czy druga wersja daje rad\u0119? Recenzja"}]},{"@type":"WebSite","@id":"https:\/\/fotoforma.pl/blog\/#website","url":"https:\/\/fotoforma.pl/blog\/","name":"Po prostu fotografuj - serwis dla tw\u00f3rc\u00f3w foto i wideo nap\u0119dzany przez fotoforma.pl","description":"Fotografia to nasza pasja! fotoforma.pl/blog to serwis dla wszystkich os\u00f3b, kt\u00f3rych zajawk\u0105 jest fotografia i filmowanie.","potentialAction":[{"@type":"SearchAction","target":{"@type":"EntryPoint","urlTemplate":"https:\/\/fotoforma.pl/blog\/?s={search_term_string}"},"query-input":{"@type":"PropertyValueSpecification","valueRequired":true,"valueName":"search_term_string"}}],"inLanguage":"pl-PL"},{"@type":"Person","@id":"https:\/\/fotoforma.pl/blog\/#\/schema\/person\/336b43917b67007535354d05b10bd6ae","name":"Jacek Sopotnicki","image":{"@type":"ImageObject","inLanguage":"pl-PL","@id":"https:\/\/fotoforma.pl/blog\/#\/schema\/person\/image\/","url":"https:\/\/fotoforma.pl/blog\/wp-content\/uploads\/2020\/08\/Jacek-Sopotnicki-150x150.jpg","contentUrl":"https:\/\/fotoforma.pl/blog\/wp-content\/uploads\/2020\/08\/Jacek-Sopotnicki-150x150.jpg","caption":"Jacek Sopotnicki"},"description":"Fotograf, filmowiec, vloger. Absolwent PWSFTViT wydz. operatorski kier. fotografia. Specjalizuje si\u0119 w fotografii podr\u00f3\u017cniczej, zdj\u0119ciach przemys\u0142u, oraz fotografii stockowej. Oczywi\u015bcie robi te\u017c sesje \u015blubne, w co zawsze wk\u0142ada sporo serca. Wykonywa\u0142 zdj\u0119cia dla grupy MAN Ferrostaal, CRH Klinkier, Grupy Kaefer, Sika Group AG oraz wielu innych firm. Publikowa\u0142 swoje prace w magazynach takich jak 'Auto \u015awiat', 'WRC', 'Echo'. Jest r\u00f3wnie\u017c aktywny jako artysta i autor cykli fotograficznych 'Street', 'Stacja ko\u0144cowa', 'Cz\u0142owiek w uniformie', zorganizowa\u0142 wystawy indywidualne, oraz bra\u0142 udzia\u0142 w wielu wystawach zbiorowych.","sameAs":["http:\/\/sopotnicki.com","https:\/\/www.facebook.com\/sopotnicki","https:\/\/www.instagram.com\/sopotnickiphotography\/","https:\/\/www.youtube.com\/user\/sopotniccy"],"url":"https:\/\/fotoforma.pl/blog\/author\/redaktor-5\/"}]}},"_links":{"self":[{"href":"https:\/\/fotoforma.pl/blog\/wp-json\/wp\/v2\/posts\/16536","targetHints":{"allow":["GET"]}}],"collection":[{"href":"https:\/\/fotoforma.pl/blog\/wp-json\/wp\/v2\/posts"}],"about":[{"href":"https:\/\/fotoforma.pl/blog\/wp-json\/wp\/v2\/types\/post"}],"author":[{"embeddable":true,"href":"https:\/\/fotoforma.pl/blog\/wp-json\/wp\/v2\/users\/7"}],"replies":[{"embeddable":true,"href":"https:\/\/fotoforma.pl/blog\/wp-json\/wp\/v2\/comments?post=16536"}],"version-history":[{"count":8,"href":"https:\/\/fotoforma.pl/blog\/wp-json\/wp\/v2\/posts\/16536\/revisions"}],"predecessor-version":[{"id":16636,"href":"https:\/\/fotoforma.pl/blog\/wp-json\/wp\/v2\/posts\/16536\/revisions\/16636"}],"wp:attachment":[{"href":"https:\/\/fotoforma.pl/blog\/wp-json\/wp\/v2\/media?parent=16536"}],"wp:term":[{"taxonomy":"category","embeddable":true,"href":"https:\/\/fotoforma.pl/blog\/wp-json\/wp\/v2\/categories?post=16536"},{"taxonomy":"post_tag","embeddable":true,"href":"https:\/\/fotoforma.pl/blog\/wp-json\/wp\/v2\/tags?post=16536"}],"curies":[{"name":"wp","href":"https:\/\/api.w.org\/{rel}","templated":true}]}}