{"id":2066,"date":"2020-12-15T18:22:43","date_gmt":"2020-12-15T17:22:43","guid":{"rendered":"https:\/\/fotoforma.pl/blog\/?p=2066"},"modified":"2021-01-21T16:02:08","modified_gmt":"2021-01-21T15:02:08","slug":"tamron-70-180-mm-f-2-8-di-iii-vxd-test","status":"publish","type":"post","link":"https:\/\/fotoforma.pl/blog\/tamron-70-180-mm-f-2-8-di-iii-vxd-test\/","title":{"rendered":"Tamron 70-180 mm f\/2.8 Di III VXD &#8211; testujemy kompaktowy, superlekki i niedrogi zoom"},"content":{"rendered":"","protected":false},"excerpt":{"rendered":"","protected":false},"author":5,"featured_media":0,"comment_status":"open","ping_status":"open","sticky":false,"template":"","format":"standard","meta":{"_acf_changed":false,"footnotes":""},"categories":[42,124,3],"tags":[],"class_list":["post-2066","post","type-post","status-publish","format-standard","hentry","category-wideo","category-obiektywy","category-testy"],"acf":[],"yoast_head":"<!-- This site is optimized with the Yoast SEO plugin v26.8 - https:\/\/yoast.com\/product\/yoast-seo-wordpress\/ -->\n<title>Testujemy obiektyw Tamron 70-180 mm f\/2.8 Di III VXD<\/title>\n<meta name=\"description\" content=\"Tamron 70-180 mm f2.8 Di III VXD do bezlusterkowc\u00f3w Sony, to jeden z najciekawszych obiektyw\u00f3w 2020 roku. Jak sprawdza si\u0119 w praktyce?\" \/>\n<meta name=\"robots\" content=\"index, follow, max-snippet:-1, max-image-preview:large, max-video-preview:-1\" \/>\n<link rel=\"canonical\" href=\"https:\/\/fotoforma.pl/blog\/tamron-70-180-mm-f-2-8-di-iii-vxd-test\/\" \/>\n<meta name=\"twitter:card\" content=\"summary_large_image\" \/>\n<meta name=\"twitter:title\" content=\"Testujemy obiektyw Tamron 70-180 mm f\/2.8 Di III VXD\" \/>\n<meta name=\"twitter:description\" content=\"Tamron 70-180 mm f2.8 Di III VXD do bezlusterkowc\u00f3w Sony, to jeden z najciekawszych obiektyw\u00f3w 2020 roku. Jak sprawdza si\u0119 w praktyce?\" \/>\n<meta name=\"twitter:label1\" content=\"Napisane przez\" \/>\n\t<meta name=\"twitter:data1\" content=\"Damian Pop\u0142awski\" \/>\n<script type=\"application\/ld+json\" class=\"yoast-schema-graph\">{\"@context\":\"https:\/\/schema.org\",\"@graph\":[{\"@type\":\"Article\",\"@id\":\"https:\/\/fotoforma.pl/blog\/tamron-70-180-mm-f-2-8-di-iii-vxd-test\/#article\",\"isPartOf\":{\"@id\":\"https:\/\/fotoforma.pl/blog\/tamron-70-180-mm-f-2-8-di-iii-vxd-test\/\"},\"author\":{\"name\":\"Damian Pop\u0142awski\",\"@id\":\"https:\/\/fotoforma.pl/blog\/#\/schema\/person\/60e74c8ceac6a9b1c4c5ae54b1e634e9\"},\"headline\":\"Tamron 70-180 mm f\/2.8 Di III VXD &#8211; testujemy kompaktowy, superlekki i niedrogi zoom\",\"datePublished\":\"2020-12-15T17:22:43+00:00\",\"dateModified\":\"2021-01-21T15:02:08+00:00\",\"mainEntityOfPage\":{\"@id\":\"https:\/\/fotoforma.pl/blog\/tamron-70-180-mm-f-2-8-di-iii-vxd-test\/\"},\"wordCount\":14,\"commentCount\":0,\"articleSection\":[\"Materia\u0142y wideo\",\"Obiektywy\",\"Testy\"],\"inLanguage\":\"pl-PL\",\"potentialAction\":[{\"@type\":\"CommentAction\",\"name\":\"Comment\",\"target\":[\"https:\/\/fotoforma.pl/blog\/tamron-70-180-mm-f-2-8-di-iii-vxd-test\/#respond\"]}]},{\"@type\":\"WebPage\",\"@id\":\"https:\/\/fotoforma.pl/blog\/tamron-70-180-mm-f-2-8-di-iii-vxd-test\/\",\"url\":\"https:\/\/fotoforma.pl/blog\/tamron-70-180-mm-f-2-8-di-iii-vxd-test\/\",\"name\":\"Testujemy obiektyw Tamron 70-180 mm f\/2.8 Di III VXD\",\"isPartOf\":{\"@id\":\"https:\/\/fotoforma.pl/blog\/#website\"},\"datePublished\":\"2020-12-15T17:22:43+00:00\",\"dateModified\":\"2021-01-21T15:02:08+00:00\",\"author\":{\"@id\":\"https:\/\/fotoforma.pl/blog\/#\/schema\/person\/60e74c8ceac6a9b1c4c5ae54b1e634e9\"},\"description\":\"Tamron 70-180 mm f2.8 Di III VXD do bezlusterkowc\u00f3w Sony, to jeden z najciekawszych obiektyw\u00f3w 2020 roku. Jak sprawdza si\u0119 w praktyce?\",\"breadcrumb\":{\"@id\":\"https:\/\/fotoforma.pl/blog\/tamron-70-180-mm-f-2-8-di-iii-vxd-test\/#breadcrumb\"},\"inLanguage\":\"pl-PL\",\"potentialAction\":[{\"@type\":\"ReadAction\",\"target\":[\"https:\/\/fotoforma.pl/blog\/tamron-70-180-mm-f-2-8-di-iii-vxd-test\/\"]}]},{\"@type\":\"BreadcrumbList\",\"@id\":\"https:\/\/fotoforma.pl/blog\/tamron-70-180-mm-f-2-8-di-iii-vxd-test\/#breadcrumb\",\"itemListElement\":[{\"@type\":\"ListItem\",\"position\":1,\"name\":\"Strona g\u0142\u00f3wna\",\"item\":\"https:\/\/fotoforma.pl/blog\/\"},{\"@type\":\"ListItem\",\"position\":2,\"name\":\"Tamron 70-180 mm f\/2.8 Di III VXD &#8211; testujemy kompaktowy, superlekki i niedrogi zoom\"}]},{\"@type\":\"WebSite\",\"@id\":\"https:\/\/fotoforma.pl/blog\/#website\",\"url\":\"https:\/\/fotoforma.pl/blog\/\",\"name\":\"Po prostu fotografuj - serwis dla tw\u00f3rc\u00f3w foto i wideo nap\u0119dzany przez fotoforma.pl\",\"description\":\"Fotografia to nasza pasja! fotoforma.pl/blog to serwis dla wszystkich os\u00f3b, kt\u00f3rych zajawk\u0105 jest fotografia i filmowanie.\",\"potentialAction\":[{\"@type\":\"SearchAction\",\"target\":{\"@type\":\"EntryPoint\",\"urlTemplate\":\"https:\/\/fotoforma.pl/blog\/?s={search_term_string}\"},\"query-input\":{\"@type\":\"PropertyValueSpecification\",\"valueRequired\":true,\"valueName\":\"search_term_string\"}}],\"inLanguage\":\"pl-PL\"},{\"@type\":\"Person\",\"@id\":\"https:\/\/fotoforma.pl/blog\/#\/schema\/person\/60e74c8ceac6a9b1c4c5ae54b1e634e9\",\"name\":\"Damian Pop\u0142awski\",\"image\":{\"@type\":\"ImageObject\",\"inLanguage\":\"pl-PL\",\"@id\":\"https:\/\/fotoforma.pl/blog\/#\/schema\/person\/image\/\",\"url\":\"https:\/\/fotoforma.pl/blog\/wp-content\/uploads\/2020\/12\/damian-poplawski-150x150.jpg\",\"contentUrl\":\"https:\/\/fotoforma.pl/blog\/wp-content\/uploads\/2020\/12\/damian-poplawski-150x150.jpg\",\"caption\":\"Damian Pop\u0142awski\"},\"description\":\"Filmowiec, samouk, kt\u00f3ry rzuci\u0142 prac\u0119 w korporacji, aby zajmowa\u0107 si\u0119 tym, co kocha \u2014 produkcj\u0105 filmow\u0105 i fotografi\u0105. W\u0142a\u015bciciel za\u0142o\u017conego w 2013 roku studia Pop Art Media, z portfolio przekraczaj\u0105cym ju\u017c 300 realizacji filmowych dla czo\u0142owych brand\u00f3w z ca\u0142ego \u015bwiata. Mi\u0142o\u015bnik Islandii, podr\u00f3\u017cy z kamer\u0105 oraz wszystkiego co zwi\u0105zane z filmem i fotografi\u0105. Ambasador sklepu Fotoforma. \u201eFilmy to co\u015b, czym b\u0119d\u0119 si\u0119 zajmowa\u0142 do ko\u0144ca \u017cycia\u201d - Damian Pop\u0142awski, Filmowiec \/ Pop Art Media\",\"url\":\"https:\/\/fotoforma.pl/blog\/author\/redaktor-3\/\"}]}<\/script>\n<!-- \/ Yoast SEO plugin. -->","yoast_head_json":{"title":"Testujemy obiektyw Tamron 70-180 mm f\/2.8 Di III VXD","description":"Tamron 70-180 mm f2.8 Di III VXD do bezlusterkowc\u00f3w Sony, to jeden z najciekawszych obiektyw\u00f3w 2020 roku. Jak sprawdza si\u0119 w praktyce?","robots":{"index":"index","follow":"follow","max-snippet":"max-snippet:-1","max-image-preview":"max-image-preview:large","max-video-preview":"max-video-preview:-1"},"canonical":"https:\/\/fotoforma.pl/blog\/tamron-70-180-mm-f-2-8-di-iii-vxd-test\/","twitter_card":"summary_large_image","twitter_title":"Testujemy obiektyw Tamron 70-180 mm f\/2.8 Di III VXD","twitter_description":"Tamron 70-180 mm f2.8 Di III VXD do bezlusterkowc\u00f3w Sony, to jeden z najciekawszych obiektyw\u00f3w 2020 roku. Jak sprawdza si\u0119 w praktyce?","twitter_misc":{"Napisane przez":"Damian Pop\u0142awski"},"schema":{"@context":"https:\/\/schema.org","@graph":[{"@type":"Article","@id":"https:\/\/fotoforma.pl/blog\/tamron-70-180-mm-f-2-8-di-iii-vxd-test\/#article","isPartOf":{"@id":"https:\/\/fotoforma.pl/blog\/tamron-70-180-mm-f-2-8-di-iii-vxd-test\/"},"author":{"name":"Damian Pop\u0142awski","@id":"https:\/\/fotoforma.pl/blog\/#\/schema\/person\/60e74c8ceac6a9b1c4c5ae54b1e634e9"},"headline":"Tamron 70-180 mm f\/2.8 Di III VXD &#8211; testujemy kompaktowy, superlekki i niedrogi zoom","datePublished":"2020-12-15T17:22:43+00:00","dateModified":"2021-01-21T15:02:08+00:00","mainEntityOfPage":{"@id":"https:\/\/fotoforma.pl/blog\/tamron-70-180-mm-f-2-8-di-iii-vxd-test\/"},"wordCount":14,"commentCount":0,"articleSection":["Materia\u0142y wideo","Obiektywy","Testy"],"inLanguage":"pl-PL","potentialAction":[{"@type":"CommentAction","name":"Comment","target":["https:\/\/fotoforma.pl/blog\/tamron-70-180-mm-f-2-8-di-iii-vxd-test\/#respond"]}]},{"@type":"WebPage","@id":"https:\/\/fotoforma.pl/blog\/tamron-70-180-mm-f-2-8-di-iii-vxd-test\/","url":"https:\/\/fotoforma.pl/blog\/tamron-70-180-mm-f-2-8-di-iii-vxd-test\/","name":"Testujemy obiektyw Tamron 70-180 mm f\/2.8 Di III VXD","isPartOf":{"@id":"https:\/\/fotoforma.pl/blog\/#website"},"datePublished":"2020-12-15T17:22:43+00:00","dateModified":"2021-01-21T15:02:08+00:00","author":{"@id":"https:\/\/fotoforma.pl/blog\/#\/schema\/person\/60e74c8ceac6a9b1c4c5ae54b1e634e9"},"description":"Tamron 70-180 mm f2.8 Di III VXD do bezlusterkowc\u00f3w Sony, to jeden z najciekawszych obiektyw\u00f3w 2020 roku. Jak sprawdza si\u0119 w praktyce?","breadcrumb":{"@id":"https:\/\/fotoforma.pl/blog\/tamron-70-180-mm-f-2-8-di-iii-vxd-test\/#breadcrumb"},"inLanguage":"pl-PL","potentialAction":[{"@type":"ReadAction","target":["https:\/\/fotoforma.pl/blog\/tamron-70-180-mm-f-2-8-di-iii-vxd-test\/"]}]},{"@type":"BreadcrumbList","@id":"https:\/\/fotoforma.pl/blog\/tamron-70-180-mm-f-2-8-di-iii-vxd-test\/#breadcrumb","itemListElement":[{"@type":"ListItem","position":1,"name":"Strona g\u0142\u00f3wna","item":"https:\/\/fotoforma.pl/blog\/"},{"@type":"ListItem","position":2,"name":"Tamron 70-180 mm f\/2.8 Di III VXD &#8211; testujemy kompaktowy, superlekki i niedrogi zoom"}]},{"@type":"WebSite","@id":"https:\/\/fotoforma.pl/blog\/#website","url":"https:\/\/fotoforma.pl/blog\/","name":"Po prostu fotografuj - serwis dla tw\u00f3rc\u00f3w foto i wideo nap\u0119dzany przez fotoforma.pl","description":"Fotografia to nasza pasja! fotoforma.pl/blog to serwis dla wszystkich os\u00f3b, kt\u00f3rych zajawk\u0105 jest fotografia i filmowanie.","potentialAction":[{"@type":"SearchAction","target":{"@type":"EntryPoint","urlTemplate":"https:\/\/fotoforma.pl/blog\/?s={search_term_string}"},"query-input":{"@type":"PropertyValueSpecification","valueRequired":true,"valueName":"search_term_string"}}],"inLanguage":"pl-PL"},{"@type":"Person","@id":"https:\/\/fotoforma.pl/blog\/#\/schema\/person\/60e74c8ceac6a9b1c4c5ae54b1e634e9","name":"Damian Pop\u0142awski","image":{"@type":"ImageObject","inLanguage":"pl-PL","@id":"https:\/\/fotoforma.pl/blog\/#\/schema\/person\/image\/","url":"https:\/\/fotoforma.pl/blog\/wp-content\/uploads\/2020\/12\/damian-poplawski-150x150.jpg","contentUrl":"https:\/\/fotoforma.pl/blog\/wp-content\/uploads\/2020\/12\/damian-poplawski-150x150.jpg","caption":"Damian Pop\u0142awski"},"description":"Filmowiec, samouk, kt\u00f3ry rzuci\u0142 prac\u0119 w korporacji, aby zajmowa\u0107 si\u0119 tym, co kocha \u2014 produkcj\u0105 filmow\u0105 i fotografi\u0105. W\u0142a\u015bciciel za\u0142o\u017conego w 2013 roku studia Pop Art Media, z portfolio przekraczaj\u0105cym ju\u017c 300 realizacji filmowych dla czo\u0142owych brand\u00f3w z ca\u0142ego \u015bwiata. Mi\u0142o\u015bnik Islandii, podr\u00f3\u017cy z kamer\u0105 oraz wszystkiego co zwi\u0105zane z filmem i fotografi\u0105. Ambasador sklepu Fotoforma. \u201eFilmy to co\u015b, czym b\u0119d\u0119 si\u0119 zajmowa\u0142 do ko\u0144ca \u017cycia\u201d - Damian Pop\u0142awski, Filmowiec \/ Pop Art Media","url":"https:\/\/fotoforma.pl/blog\/author\/redaktor-3\/"}]}},"_links":{"self":[{"href":"https:\/\/fotoforma.pl/blog\/wp-json\/wp\/v2\/posts\/2066","targetHints":{"allow":["GET"]}}],"collection":[{"href":"https:\/\/fotoforma.pl/blog\/wp-json\/wp\/v2\/posts"}],"about":[{"href":"https:\/\/fotoforma.pl/blog\/wp-json\/wp\/v2\/types\/post"}],"author":[{"embeddable":true,"href":"https:\/\/fotoforma.pl/blog\/wp-json\/wp\/v2\/users\/5"}],"replies":[{"embeddable":true,"href":"https:\/\/fotoforma.pl/blog\/wp-json\/wp\/v2\/comments?post=2066"}],"version-history":[{"count":10,"href":"https:\/\/fotoforma.pl/blog\/wp-json\/wp\/v2\/posts\/2066\/revisions"}],"predecessor-version":[{"id":2442,"href":"https:\/\/fotoforma.pl/blog\/wp-json\/wp\/v2\/posts\/2066\/revisions\/2442"}],"wp:attachment":[{"href":"https:\/\/fotoforma.pl/blog\/wp-json\/wp\/v2\/media?parent=2066"}],"wp:term":[{"taxonomy":"category","embeddable":true,"href":"https:\/\/fotoforma.pl/blog\/wp-json\/wp\/v2\/categories?post=2066"},{"taxonomy":"post_tag","embeddable":true,"href":"https:\/\/fotoforma.pl/blog\/wp-json\/wp\/v2\/tags?post=2066"}],"curies":[{"name":"wp","href":"https:\/\/api.w.org\/{rel}","templated":true}]}}