{"id":826,"date":"2020-09-16T00:11:10","date_gmt":"2020-09-15T22:11:10","guid":{"rendered":"http:\/\/fotoforma.pl/blog\/?p=826"},"modified":"2025-07-25T13:27:18","modified_gmt":"2025-07-25T11:27:18","slug":"jaki-obiektywy-do-astrofotografii-krajobrazowej-poradnik","status":"publish","type":"post","link":"https:\/\/fotoforma.pl/blog\/jaki-obiektywy-do-astrofotografii-krajobrazowej-poradnik\/","title":{"rendered":"Jaki obiektyw wybra\u0107 do astrofotografii krajobrazowej?"},"content":{"rendered":"","protected":false},"excerpt":{"rendered":"","protected":false},"author":9,"featured_media":0,"comment_status":"open","ping_status":"open","sticky":false,"template":"","format":"standard","meta":{"_acf_changed":false,"footnotes":""},"categories":[9,11],"tags":[],"class_list":["post-826","post","type-post","status-publish","format-standard","hentry","category-poradniki","category-sprzet"],"acf":[],"yoast_head":"<!-- This site is optimized with the Yoast SEO plugin v26.8 - https:\/\/yoast.com\/product\/yoast-seo-wordpress\/ -->\n<title>Jaki obiektyw wybra\u0107 do astrofotografii krajobrazowej?<\/title>\n<meta name=\"description\" content=\"Sprawd\u017a, jak zabra\u0107 si\u0119 za fotografowanie nocnego nieba i jaki sprz\u0119t b\u0119dzie do tego najlepszy. To prostsze ni\u017c my\u015blisz.\" \/>\n<meta name=\"robots\" content=\"index, follow, max-snippet:-1, max-image-preview:large, max-video-preview:-1\" \/>\n<link rel=\"canonical\" href=\"https:\/\/fotoforma.pl/blog\/jaki-obiektywy-do-astrofotografii-krajobrazowej-poradnik\/\" \/>\n<meta name=\"twitter:card\" content=\"summary_large_image\" \/>\n<meta name=\"twitter:title\" content=\"Jaki obiektyw wybra\u0107 do astrofotografii krajobrazowej?\" \/>\n<meta name=\"twitter:description\" content=\"Sprawd\u017a, jak zabra\u0107 si\u0119 za fotografowanie nocnego nieba i jaki sprz\u0119t b\u0119dzie do tego najlepszy. To prostsze ni\u017c my\u015blisz.\" \/>\n<meta name=\"twitter:label1\" content=\"Napisane przez\" \/>\n\t<meta name=\"twitter:data1\" content=\"Kuba Jurkowski\" \/>\n<script type=\"application\/ld+json\" class=\"yoast-schema-graph\">{\"@context\":\"https:\/\/schema.org\",\"@graph\":[{\"@type\":\"Article\",\"@id\":\"https:\/\/fotoforma.pl/blog\/jaki-obiektywy-do-astrofotografii-krajobrazowej-poradnik\/#article\",\"isPartOf\":{\"@id\":\"https:\/\/fotoforma.pl/blog\/jaki-obiektywy-do-astrofotografii-krajobrazowej-poradnik\/\"},\"author\":{\"name\":\"Kuba Jurkowski\",\"@id\":\"https:\/\/fotoforma.pl/blog\/#\/schema\/person\/b3af15e605c3402e8cc7a0b1506b413d\"},\"headline\":\"Jaki obiektyw wybra\u0107 do astrofotografii krajobrazowej?\",\"datePublished\":\"2020-09-15T22:11:10+00:00\",\"dateModified\":\"2025-07-25T11:27:18+00:00\",\"mainEntityOfPage\":{\"@id\":\"https:\/\/fotoforma.pl/blog\/jaki-obiektywy-do-astrofotografii-krajobrazowej-poradnik\/\"},\"wordCount\":6,\"commentCount\":0,\"articleSection\":[\"Poradniki\",\"Sprz\u0119t\"],\"inLanguage\":\"pl-PL\",\"potentialAction\":[{\"@type\":\"CommentAction\",\"name\":\"Comment\",\"target\":[\"https:\/\/fotoforma.pl/blog\/jaki-obiektywy-do-astrofotografii-krajobrazowej-poradnik\/#respond\"]}]},{\"@type\":\"WebPage\",\"@id\":\"https:\/\/fotoforma.pl/blog\/jaki-obiektywy-do-astrofotografii-krajobrazowej-poradnik\/\",\"url\":\"https:\/\/fotoforma.pl/blog\/jaki-obiektywy-do-astrofotografii-krajobrazowej-poradnik\/\",\"name\":\"Jaki obiektyw wybra\u0107 do astrofotografii krajobrazowej?\",\"isPartOf\":{\"@id\":\"https:\/\/fotoforma.pl/blog\/#website\"},\"datePublished\":\"2020-09-15T22:11:10+00:00\",\"dateModified\":\"2025-07-25T11:27:18+00:00\",\"author\":{\"@id\":\"https:\/\/fotoforma.pl/blog\/#\/schema\/person\/b3af15e605c3402e8cc7a0b1506b413d\"},\"description\":\"Sprawd\u017a, jak zabra\u0107 si\u0119 za fotografowanie nocnego nieba i jaki sprz\u0119t b\u0119dzie do tego najlepszy. To prostsze ni\u017c my\u015blisz.\",\"breadcrumb\":{\"@id\":\"https:\/\/fotoforma.pl/blog\/jaki-obiektywy-do-astrofotografii-krajobrazowej-poradnik\/#breadcrumb\"},\"inLanguage\":\"pl-PL\",\"potentialAction\":[{\"@type\":\"ReadAction\",\"target\":[\"https:\/\/fotoforma.pl/blog\/jaki-obiektywy-do-astrofotografii-krajobrazowej-poradnik\/\"]}]},{\"@type\":\"BreadcrumbList\",\"@id\":\"https:\/\/fotoforma.pl/blog\/jaki-obiektywy-do-astrofotografii-krajobrazowej-poradnik\/#breadcrumb\",\"itemListElement\":[{\"@type\":\"ListItem\",\"position\":1,\"name\":\"Strona g\u0142\u00f3wna\",\"item\":\"https:\/\/fotoforma.pl/blog\/\"},{\"@type\":\"ListItem\",\"position\":2,\"name\":\"Jaki obiektyw wybra\u0107 do astrofotografii krajobrazowej?\"}]},{\"@type\":\"WebSite\",\"@id\":\"https:\/\/fotoforma.pl/blog\/#website\",\"url\":\"https:\/\/fotoforma.pl/blog\/\",\"name\":\"Po prostu fotografuj - serwis dla tw\u00f3rc\u00f3w foto i wideo nap\u0119dzany przez fotoforma.pl\",\"description\":\"Fotografia to nasza pasja! fotoforma.pl/blog to serwis dla wszystkich os\u00f3b, kt\u00f3rych zajawk\u0105 jest fotografia i filmowanie.\",\"potentialAction\":[{\"@type\":\"SearchAction\",\"target\":{\"@type\":\"EntryPoint\",\"urlTemplate\":\"https:\/\/fotoforma.pl/blog\/?s={search_term_string}\"},\"query-input\":{\"@type\":\"PropertyValueSpecification\",\"valueRequired\":true,\"valueName\":\"search_term_string\"}}],\"inLanguage\":\"pl-PL\"},{\"@type\":\"Person\",\"@id\":\"https:\/\/fotoforma.pl/blog\/#\/schema\/person\/b3af15e605c3402e8cc7a0b1506b413d\",\"name\":\"Kuba Jurkowski\",\"image\":{\"@type\":\"ImageObject\",\"inLanguage\":\"pl-PL\",\"@id\":\"https:\/\/fotoforma.pl/blog\/#\/schema\/person\/image\/\",\"url\":\"https:\/\/fotoforma.pl/blog\/wp-content\/uploads\/2020\/09\/user_5552963_c0a7c0_huge-150x150.jpg\",\"contentUrl\":\"https:\/\/fotoforma.pl/blog\/wp-content\/uploads\/2020\/09\/user_5552963_c0a7c0_huge-150x150.jpg\",\"caption\":\"Kuba Jurkowski\"},\"sameAs\":[\"https:\/\/www.kubajurkowski.com\/\"],\"url\":\"https:\/\/fotoforma.pl/blog\/author\/kuba-jurkowski\/\"}]}<\/script>\n<!-- \/ Yoast SEO plugin. -->","yoast_head_json":{"title":"Jaki obiektyw wybra\u0107 do astrofotografii krajobrazowej?","description":"Sprawd\u017a, jak zabra\u0107 si\u0119 za fotografowanie nocnego nieba i jaki sprz\u0119t b\u0119dzie do tego najlepszy. To prostsze ni\u017c my\u015blisz.","robots":{"index":"index","follow":"follow","max-snippet":"max-snippet:-1","max-image-preview":"max-image-preview:large","max-video-preview":"max-video-preview:-1"},"canonical":"https:\/\/fotoforma.pl/blog\/jaki-obiektywy-do-astrofotografii-krajobrazowej-poradnik\/","twitter_card":"summary_large_image","twitter_title":"Jaki obiektyw wybra\u0107 do astrofotografii krajobrazowej?","twitter_description":"Sprawd\u017a, jak zabra\u0107 si\u0119 za fotografowanie nocnego nieba i jaki sprz\u0119t b\u0119dzie do tego najlepszy. To prostsze ni\u017c my\u015blisz.","twitter_misc":{"Napisane przez":"Kuba Jurkowski"},"schema":{"@context":"https:\/\/schema.org","@graph":[{"@type":"Article","@id":"https:\/\/fotoforma.pl/blog\/jaki-obiektywy-do-astrofotografii-krajobrazowej-poradnik\/#article","isPartOf":{"@id":"https:\/\/fotoforma.pl/blog\/jaki-obiektywy-do-astrofotografii-krajobrazowej-poradnik\/"},"author":{"name":"Kuba Jurkowski","@id":"https:\/\/fotoforma.pl/blog\/#\/schema\/person\/b3af15e605c3402e8cc7a0b1506b413d"},"headline":"Jaki obiektyw wybra\u0107 do astrofotografii krajobrazowej?","datePublished":"2020-09-15T22:11:10+00:00","dateModified":"2025-07-25T11:27:18+00:00","mainEntityOfPage":{"@id":"https:\/\/fotoforma.pl/blog\/jaki-obiektywy-do-astrofotografii-krajobrazowej-poradnik\/"},"wordCount":6,"commentCount":0,"articleSection":["Poradniki","Sprz\u0119t"],"inLanguage":"pl-PL","potentialAction":[{"@type":"CommentAction","name":"Comment","target":["https:\/\/fotoforma.pl/blog\/jaki-obiektywy-do-astrofotografii-krajobrazowej-poradnik\/#respond"]}]},{"@type":"WebPage","@id":"https:\/\/fotoforma.pl/blog\/jaki-obiektywy-do-astrofotografii-krajobrazowej-poradnik\/","url":"https:\/\/fotoforma.pl/blog\/jaki-obiektywy-do-astrofotografii-krajobrazowej-poradnik\/","name":"Jaki obiektyw wybra\u0107 do astrofotografii krajobrazowej?","isPartOf":{"@id":"https:\/\/fotoforma.pl/blog\/#website"},"datePublished":"2020-09-15T22:11:10+00:00","dateModified":"2025-07-25T11:27:18+00:00","author":{"@id":"https:\/\/fotoforma.pl/blog\/#\/schema\/person\/b3af15e605c3402e8cc7a0b1506b413d"},"description":"Sprawd\u017a, jak zabra\u0107 si\u0119 za fotografowanie nocnego nieba i jaki sprz\u0119t b\u0119dzie do tego najlepszy. To prostsze ni\u017c my\u015blisz.","breadcrumb":{"@id":"https:\/\/fotoforma.pl/blog\/jaki-obiektywy-do-astrofotografii-krajobrazowej-poradnik\/#breadcrumb"},"inLanguage":"pl-PL","potentialAction":[{"@type":"ReadAction","target":["https:\/\/fotoforma.pl/blog\/jaki-obiektywy-do-astrofotografii-krajobrazowej-poradnik\/"]}]},{"@type":"BreadcrumbList","@id":"https:\/\/fotoforma.pl/blog\/jaki-obiektywy-do-astrofotografii-krajobrazowej-poradnik\/#breadcrumb","itemListElement":[{"@type":"ListItem","position":1,"name":"Strona g\u0142\u00f3wna","item":"https:\/\/fotoforma.pl/blog\/"},{"@type":"ListItem","position":2,"name":"Jaki obiektyw wybra\u0107 do astrofotografii krajobrazowej?"}]},{"@type":"WebSite","@id":"https:\/\/fotoforma.pl/blog\/#website","url":"https:\/\/fotoforma.pl/blog\/","name":"Po prostu fotografuj - serwis dla tw\u00f3rc\u00f3w foto i wideo nap\u0119dzany przez fotoforma.pl","description":"Fotografia to nasza pasja! fotoforma.pl/blog to serwis dla wszystkich os\u00f3b, kt\u00f3rych zajawk\u0105 jest fotografia i filmowanie.","potentialAction":[{"@type":"SearchAction","target":{"@type":"EntryPoint","urlTemplate":"https:\/\/fotoforma.pl/blog\/?s={search_term_string}"},"query-input":{"@type":"PropertyValueSpecification","valueRequired":true,"valueName":"search_term_string"}}],"inLanguage":"pl-PL"},{"@type":"Person","@id":"https:\/\/fotoforma.pl/blog\/#\/schema\/person\/b3af15e605c3402e8cc7a0b1506b413d","name":"Kuba Jurkowski","image":{"@type":"ImageObject","inLanguage":"pl-PL","@id":"https:\/\/fotoforma.pl/blog\/#\/schema\/person\/image\/","url":"https:\/\/fotoforma.pl/blog\/wp-content\/uploads\/2020\/09\/user_5552963_c0a7c0_huge-150x150.jpg","contentUrl":"https:\/\/fotoforma.pl/blog\/wp-content\/uploads\/2020\/09\/user_5552963_c0a7c0_huge-150x150.jpg","caption":"Kuba Jurkowski"},"sameAs":["https:\/\/www.kubajurkowski.com\/"],"url":"https:\/\/fotoforma.pl/blog\/author\/kuba-jurkowski\/"}]}},"_links":{"self":[{"href":"https:\/\/fotoforma.pl/blog\/wp-json\/wp\/v2\/posts\/826","targetHints":{"allow":["GET"]}}],"collection":[{"href":"https:\/\/fotoforma.pl/blog\/wp-json\/wp\/v2\/posts"}],"about":[{"href":"https:\/\/fotoforma.pl/blog\/wp-json\/wp\/v2\/types\/post"}],"author":[{"embeddable":true,"href":"https:\/\/fotoforma.pl/blog\/wp-json\/wp\/v2\/users\/9"}],"replies":[{"embeddable":true,"href":"https:\/\/fotoforma.pl/blog\/wp-json\/wp\/v2\/comments?post=826"}],"version-history":[{"count":33,"href":"https:\/\/fotoforma.pl/blog\/wp-json\/wp\/v2\/posts\/826\/revisions"}],"predecessor-version":[{"id":22795,"href":"https:\/\/fotoforma.pl/blog\/wp-json\/wp\/v2\/posts\/826\/revisions\/22795"}],"wp:attachment":[{"href":"https:\/\/fotoforma.pl/blog\/wp-json\/wp\/v2\/media?parent=826"}],"wp:term":[{"taxonomy":"category","embeddable":true,"href":"https:\/\/fotoforma.pl/blog\/wp-json\/wp\/v2\/categories?post=826"},{"taxonomy":"post_tag","embeddable":true,"href":"https:\/\/fotoforma.pl/blog\/wp-json\/wp\/v2\/tags?post=826"}],"curies":[{"name":"wp","href":"https:\/\/api.w.org\/{rel}","templated":true}]}}